{"id":693,"date":"2019-03-21T11:07:49","date_gmt":"2019-03-21T11:07:49","guid":{"rendered":"https:\/\/www.moblesgallent.com\/?p=693"},"modified":"2019-07-16T09:51:34","modified_gmt":"2019-07-16T09:51:34","slug":"salon-perfecto-como-distribuir-los-muebles","status":"publish","type":"post","link":"https:\/\/www.moblesgallent.com\/ca\/salon-perfecto-como-distribuir-los-muebles\/","title":{"rendered":"Sal\u00f3n perfecto, como distribuir los muebles"},"content":{"rendered":"<div style=\"text-align: justify;\">\n<h2>La proporci\u00f3n de los muebles y el sal\u00f3n<\/h2>\n<p>No hay nada peor que un sof\u00e1\u00a0grande en un sal\u00f3n peque\u00f1o o uno demasiado mini para un sal\u00f3n generoso. Ten en cuenta que para un sof\u00e1\u00a0con\u00a0<em>chaise longue<\/em>\u00a0necesitas 3m de ancho en tu sal\u00f3n. Y para enfrentar dos sof\u00e1s, unos 4m.<\/p>\n<h3>Asientos ni altos ni bajos<\/h3>\n<p>Para que el sal\u00f3n quede compensado lo ideal es que los asientos de sof\u00e1\u00a0y butacas sean de la misma altura. O en su defecto, que la diferencia no sea superior a 10cm. Un tip, si las butacas son m\u00e1s bajas pueden ganar la altura que necesitas con un coj\u00edn en el asiento.<\/p>\n<h3>Mesa de centro, si o no?<\/h3>\n<p>La mesa de centro debe medir, como m\u00ednimo, la mitad que el sof\u00e1. As\u00ed\u00a0est\u00e1n proporcionados y encajan. La altura de la mesa de centro no debe quedar ni 10cm por encima ni por debajo del sof\u00e1, de otra forma resulta muy inc\u00f3moda.\u00a0Las auxiliares, col\u00f3calas a unos 15cm del sof\u00e1\u00a0o las butacas. Y una cosa m\u00e1s, estas\u00a0siempre deben ser m\u00e1s peque\u00f1as que el lateral del sof\u00e1.<\/p>\n<h3>Iluminaci\u00f3n del sal\u00f3n<\/h3>\n<p>La clave es que las l\u00e1mparas no deslumbren y que la bombilla no se vea.\u00a0Juega con la pantalla de la\u00a0l\u00e1mpara de pie\u00a0y recuerda, si eres diestro, ponla a tu izquierda. Y si eres zurdo, al rev\u00e9s. En cuanto a la\u00a0pantalla de sobremesa, debe cubrir bien la bombilla, de lo contrario, te deslumbrar\u00e1. Un led de 20 W es suficiente<\/p>\n<h3>Decoraci\u00f3n del sal\u00f3n<\/h3>\n<p>Cojines, alfombras, moquetas y dem\u00e1s elementos decorativos tienen que ir en concordancia con el dise\u00f1o y colores del sal\u00f3n y el mobiliario. Cojines ni muy grandes, ni demasiados. Las alfombras que no se muevan ni molesten a los que est\u00e1n sentados en el sal\u00f3n.<\/p>\n<\/div>","protected":false},"excerpt":{"rendered":"<p>La proporci\u00f3n de los muebles y el sal\u00f3n No hay nada peor que un sof\u00e1\u00a0grande en un sal\u00f3n peque\u00f1o o uno demasiado mini para un sal\u00f3n generoso. Ten en cuenta que para un sof\u00e1\u00a0con\u00a0chaise longue\u00a0necesitas 3m de ancho en tu sal\u00f3n. Y para enfrentar dos sof\u00e1s, unos 4m. Asientos ni altos ni bajos Para que [&hellip;]<\/p>","protected":false},"author":1,"featured_media":695,"comment_status":"open","ping_status":"closed","sticky":false,"template":"","format":"standard","meta":{"_et_pb_use_builder":"","_et_pb_old_content":"","_et_gb_content_width":"","footnotes":""},"categories":[21],"tags":[29,31],"class_list":["post-693","post","type-post","status-publish","format-standard","has-post-thumbnail","hentry","category-blog-es","tag-decoracion-es","tag-salon-es"],"yoast_head":"<!-- This site is optimized with the Yoast SEO plugin v27.1.1 - https:\/\/yoast.com\/product\/yoast-seo-wordpress\/ -->\n<title>Sal\u00f3n perfecto, como distribuir los muebles - Mobles Gallent | mobiliario de cocina | mobiliario de ba\u00f1o | mobiliario de sal\u00f3n | armarios | Reformas y dise\u00f1os de interiores en Tarragona<\/title>\n<meta name=\"description\" content=\"Como distribuir los muebles del sal\u00f3n para que quede perfecto. La proporci\u00f3n de los muebles y el sal\u00f3n. No hay nada peor que un sof\u00e1\u00a0grande o peque\u00f1o.\" \/>\n<meta name=\"robots\" content=\"index, follow, max-snippet:-1, max-image-preview:large, max-video-preview:-1\" \/>\n<link rel=\"canonical\" href=\"https:\/\/www.moblesgallent.com\/ca\/salon-perfecto-como-distribuir-los-muebles\/\" \/>\n<meta property=\"og:locale\" content=\"ca_ES\" \/>\n<meta property=\"og:type\" content=\"article\" \/>\n<meta property=\"og:title\" content=\"Sal\u00f3n perfecto, como distribuir los muebles - Mobles Gallent | mobiliario de cocina | mobiliario de ba\u00f1o | mobiliario de sal\u00f3n | armarios | Reformas y dise\u00f1os de interiores en Tarragona\" \/>\n<meta property=\"og:description\" content=\"Como distribuir los muebles del sal\u00f3n para que quede perfecto. La proporci\u00f3n de los muebles y el sal\u00f3n. No hay nada peor que un sof\u00e1\u00a0grande o peque\u00f1o.\" \/>\n<meta property=\"og:url\" content=\"https:\/\/www.moblesgallent.com\/ca\/salon-perfecto-como-distribuir-los-muebles\/\" \/>\n<meta property=\"og:site_name\" content=\"Mobles Gallent | mobiliario de cocina | mobiliario de ba\u00f1o | mobiliario de sal\u00f3n | armarios | Reformas y dise\u00f1os de interiores en Tarragona\" \/>\n<meta property=\"article:published_time\" content=\"2019-03-21T11:07:49+00:00\" \/>\n<meta property=\"article:modified_time\" content=\"2019-07-16T09:51:34+00:00\" \/>\n<meta property=\"og:image\" content=\"https:\/\/www.moblesgallent.com\/wp-content\/uploads\/2019\/03\/muebles-para-salon.jpg\" \/>\n\t<meta property=\"og:image:width\" content=\"750\" \/>\n\t<meta property=\"og:image:height\" content=\"469\" \/>\n\t<meta property=\"og:image:type\" content=\"image\/jpeg\" \/>\n<meta name=\"author\" content=\"SoftME\" \/>\n<meta name=\"twitter:card\" content=\"summary_large_image\" \/>\n<meta name=\"twitter:label1\" content=\"Escrit per\" \/>\n\t<meta name=\"twitter:data1\" content=\"SoftME\" \/>\n\t<meta name=\"twitter:label2\" content=\"Temps estimat de lectura\" \/>\n\t<meta name=\"twitter:data2\" content=\"2 minuts\" \/>\n<script type=\"application\/ld+json\" class=\"yoast-schema-graph\">{\"@context\":\"https:\/\/schema.org\",\"@graph\":[{\"@type\":\"Article\",\"@id\":\"https:\/\/www.moblesgallent.com\/ca\/salon-perfecto-como-distribuir-los-muebles\/#article\",\"isPartOf\":{\"@id\":\"https:\/\/www.moblesgallent.com\/ca\/salon-perfecto-como-distribuir-los-muebles\/\"},\"author\":{\"name\":\"SoftME\",\"@id\":\"https:\/\/www.moblesgallent.com\/#\/schema\/person\/8078fb8ab9f00fce98cce795cdae13dd\"},\"headline\":\"Sal\u00f3n perfecto, como distribuir los muebles\",\"datePublished\":\"2019-03-21T11:07:49+00:00\",\"dateModified\":\"2019-07-16T09:51:34+00:00\",\"mainEntityOfPage\":{\"@id\":\"https:\/\/www.moblesgallent.com\/ca\/salon-perfecto-como-distribuir-los-muebles\/\"},\"wordCount\":333,\"commentCount\":0,\"image\":{\"@id\":\"https:\/\/www.moblesgallent.com\/ca\/salon-perfecto-como-distribuir-los-muebles\/#primaryimage\"},\"thumbnailUrl\":\"https:\/\/www.moblesgallent.com\/wp-content\/uploads\/2019\/03\/muebles-para-salon.jpg\",\"keywords\":[\"decoraci\u00f3n\",\"sal\u00f3n\"],\"articleSection\":[\"BLOG\"],\"inLanguage\":\"ca\",\"potentialAction\":[{\"@type\":\"CommentAction\",\"name\":\"Comment\",\"target\":[\"https:\/\/www.moblesgallent.com\/ca\/salon-perfecto-como-distribuir-los-muebles\/#respond\"]}]},{\"@type\":\"WebPage\",\"@id\":\"https:\/\/www.moblesgallent.com\/ca\/salon-perfecto-como-distribuir-los-muebles\/\",\"url\":\"https:\/\/www.moblesgallent.com\/ca\/salon-perfecto-como-distribuir-los-muebles\/\",\"name\":\"Sal\u00f3n perfecto, como distribuir los muebles - Mobles Gallent | mobiliario de cocina | mobiliario de ba\u00f1o | mobiliario de sal\u00f3n | armarios | Reformas y dise\u00f1os de interiores en Tarragona\",\"isPartOf\":{\"@id\":\"https:\/\/www.moblesgallent.com\/#website\"},\"primaryImageOfPage\":{\"@id\":\"https:\/\/www.moblesgallent.com\/ca\/salon-perfecto-como-distribuir-los-muebles\/#primaryimage\"},\"image\":{\"@id\":\"https:\/\/www.moblesgallent.com\/ca\/salon-perfecto-como-distribuir-los-muebles\/#primaryimage\"},\"thumbnailUrl\":\"https:\/\/www.moblesgallent.com\/wp-content\/uploads\/2019\/03\/muebles-para-salon.jpg\",\"datePublished\":\"2019-03-21T11:07:49+00:00\",\"dateModified\":\"2019-07-16T09:51:34+00:00\",\"author\":{\"@id\":\"https:\/\/www.moblesgallent.com\/#\/schema\/person\/8078fb8ab9f00fce98cce795cdae13dd\"},\"description\":\"Como distribuir los muebles del sal\u00f3n para que quede perfecto. La proporci\u00f3n de los muebles y el sal\u00f3n. No hay nada peor que un sof\u00e1\u00a0grande o peque\u00f1o.\",\"breadcrumb\":{\"@id\":\"https:\/\/www.moblesgallent.com\/ca\/salon-perfecto-como-distribuir-los-muebles\/#breadcrumb\"},\"inLanguage\":\"ca\",\"potentialAction\":[{\"@type\":\"ReadAction\",\"target\":[\"https:\/\/www.moblesgallent.com\/ca\/salon-perfecto-como-distribuir-los-muebles\/\"]}]},{\"@type\":\"ImageObject\",\"inLanguage\":\"ca\",\"@id\":\"https:\/\/www.moblesgallent.com\/ca\/salon-perfecto-como-distribuir-los-muebles\/#primaryimage\",\"url\":\"https:\/\/www.moblesgallent.com\/wp-content\/uploads\/2019\/03\/muebles-para-salon.jpg\",\"contentUrl\":\"https:\/\/www.moblesgallent.com\/wp-content\/uploads\/2019\/03\/muebles-para-salon.jpg\",\"width\":750,\"height\":469},{\"@type\":\"BreadcrumbList\",\"@id\":\"https:\/\/www.moblesgallent.com\/ca\/salon-perfecto-como-distribuir-los-muebles\/#breadcrumb\",\"itemListElement\":[{\"@type\":\"ListItem\",\"position\":1,\"name\":\"Portada\",\"item\":\"https:\/\/www.moblesgallent.com\/\"},{\"@type\":\"ListItem\",\"position\":2,\"name\":\"Sal\u00f3n perfecto, como distribuir los muebles\"}]},{\"@type\":\"WebSite\",\"@id\":\"https:\/\/www.moblesgallent.com\/#website\",\"url\":\"https:\/\/www.moblesgallent.com\/\",\"name\":\"Mobles Gallent | mobiliario de cocina | mobiliario de ba\u00f1o | mobiliario de sal\u00f3n | armarios | Reformas y dise\u00f1os de interiores en Tarragona\",\"description\":\"Otro sitio realizado con Soft Optimiza Digital Media Empresas\",\"potentialAction\":[{\"@type\":\"SearchAction\",\"target\":{\"@type\":\"EntryPoint\",\"urlTemplate\":\"https:\/\/www.moblesgallent.com\/?s={search_term_string}\"},\"query-input\":{\"@type\":\"PropertyValueSpecification\",\"valueRequired\":true,\"valueName\":\"search_term_string\"}}],\"inLanguage\":\"ca\"},{\"@type\":\"Person\",\"@id\":\"https:\/\/www.moblesgallent.com\/#\/schema\/person\/8078fb8ab9f00fce98cce795cdae13dd\",\"name\":\"SoftME\",\"image\":{\"@type\":\"ImageObject\",\"inLanguage\":\"ca\",\"@id\":\"https:\/\/www.moblesgallent.com\/#\/schema\/person\/image\/\",\"url\":\"https:\/\/secure.gravatar.com\/avatar\/70050c41d678b2b3e9b2ef8ad47c2fd4562a978dd6c4f3ec09c2816212aa5d15?s=96&d=mm&r=g\",\"contentUrl\":\"https:\/\/secure.gravatar.com\/avatar\/70050c41d678b2b3e9b2ef8ad47c2fd4562a978dd6c4f3ec09c2816212aa5d15?s=96&d=mm&r=g\",\"caption\":\"SoftME\"},\"url\":\"https:\/\/www.moblesgallent.com\/ca\/author\/softme\/\"}]}<\/script>\n<!-- \/ Yoast SEO plugin. -->","yoast_head_json":{"title":"Sal\u00f3n perfecto, como distribuir los muebles - Mobles Gallent | mobiliario de cocina | mobiliario de ba\u00f1o | mobiliario de sal\u00f3n | armarios | Reformas y dise\u00f1os de interiores en Tarragona","description":"Como distribuir los muebles del sal\u00f3n para que quede perfecto. La proporci\u00f3n de los muebles y el sal\u00f3n. No hay nada peor que un sof\u00e1\u00a0grande o peque\u00f1o.","robots":{"index":"index","follow":"follow","max-snippet":"max-snippet:-1","max-image-preview":"max-image-preview:large","max-video-preview":"max-video-preview:-1"},"canonical":"https:\/\/www.moblesgallent.com\/ca\/salon-perfecto-como-distribuir-los-muebles\/","og_locale":"ca_ES","og_type":"article","og_title":"Sal\u00f3n perfecto, como distribuir los muebles - Mobles Gallent | mobiliario de cocina | mobiliario de ba\u00f1o | mobiliario de sal\u00f3n | armarios | Reformas y dise\u00f1os de interiores en Tarragona","og_description":"Como distribuir los muebles del sal\u00f3n para que quede perfecto. La proporci\u00f3n de los muebles y el sal\u00f3n. No hay nada peor que un sof\u00e1\u00a0grande o peque\u00f1o.","og_url":"https:\/\/www.moblesgallent.com\/ca\/salon-perfecto-como-distribuir-los-muebles\/","og_site_name":"Mobles Gallent | mobiliario de cocina | mobiliario de ba\u00f1o | mobiliario de sal\u00f3n | armarios | Reformas y dise\u00f1os de interiores en Tarragona","article_published_time":"2019-03-21T11:07:49+00:00","article_modified_time":"2019-07-16T09:51:34+00:00","og_image":[{"width":750,"height":469,"url":"https:\/\/www.moblesgallent.com\/wp-content\/uploads\/2019\/03\/muebles-para-salon.jpg","type":"image\/jpeg"}],"author":"SoftME","twitter_card":"summary_large_image","twitter_misc":{"Escrit per":"SoftME","Temps estimat de lectura":"2 minuts"},"schema":{"@context":"https:\/\/schema.org","@graph":[{"@type":"Article","@id":"https:\/\/www.moblesgallent.com\/ca\/salon-perfecto-como-distribuir-los-muebles\/#article","isPartOf":{"@id":"https:\/\/www.moblesgallent.com\/ca\/salon-perfecto-como-distribuir-los-muebles\/"},"author":{"name":"SoftME","@id":"https:\/\/www.moblesgallent.com\/#\/schema\/person\/8078fb8ab9f00fce98cce795cdae13dd"},"headline":"Sal\u00f3n perfecto, como distribuir los muebles","datePublished":"2019-03-21T11:07:49+00:00","dateModified":"2019-07-16T09:51:34+00:00","mainEntityOfPage":{"@id":"https:\/\/www.moblesgallent.com\/ca\/salon-perfecto-como-distribuir-los-muebles\/"},"wordCount":333,"commentCount":0,"image":{"@id":"https:\/\/www.moblesgallent.com\/ca\/salon-perfecto-como-distribuir-los-muebles\/#primaryimage"},"thumbnailUrl":"https:\/\/www.moblesgallent.com\/wp-content\/uploads\/2019\/03\/muebles-para-salon.jpg","keywords":["decoraci\u00f3n","sal\u00f3n"],"articleSection":["BLOG"],"inLanguage":"ca","potentialAction":[{"@type":"CommentAction","name":"Comment","target":["https:\/\/www.moblesgallent.com\/ca\/salon-perfecto-como-distribuir-los-muebles\/#respond"]}]},{"@type":"WebPage","@id":"https:\/\/www.moblesgallent.com\/ca\/salon-perfecto-como-distribuir-los-muebles\/","url":"https:\/\/www.moblesgallent.com\/ca\/salon-perfecto-como-distribuir-los-muebles\/","name":"Sal\u00f3n perfecto, como distribuir los muebles - Mobles Gallent | mobiliario de cocina | mobiliario de ba\u00f1o | mobiliario de sal\u00f3n | armarios | Reformas y dise\u00f1os de interiores en Tarragona","isPartOf":{"@id":"https:\/\/www.moblesgallent.com\/#website"},"primaryImageOfPage":{"@id":"https:\/\/www.moblesgallent.com\/ca\/salon-perfecto-como-distribuir-los-muebles\/#primaryimage"},"image":{"@id":"https:\/\/www.moblesgallent.com\/ca\/salon-perfecto-como-distribuir-los-muebles\/#primaryimage"},"thumbnailUrl":"https:\/\/www.moblesgallent.com\/wp-content\/uploads\/2019\/03\/muebles-para-salon.jpg","datePublished":"2019-03-21T11:07:49+00:00","dateModified":"2019-07-16T09:51:34+00:00","author":{"@id":"https:\/\/www.moblesgallent.com\/#\/schema\/person\/8078fb8ab9f00fce98cce795cdae13dd"},"description":"Como distribuir los muebles del sal\u00f3n para que quede perfecto. La proporci\u00f3n de los muebles y el sal\u00f3n. No hay nada peor que un sof\u00e1\u00a0grande o peque\u00f1o.","breadcrumb":{"@id":"https:\/\/www.moblesgallent.com\/ca\/salon-perfecto-como-distribuir-los-muebles\/#breadcrumb"},"inLanguage":"ca","potentialAction":[{"@type":"ReadAction","target":["https:\/\/www.moblesgallent.com\/ca\/salon-perfecto-como-distribuir-los-muebles\/"]}]},{"@type":"ImageObject","inLanguage":"ca","@id":"https:\/\/www.moblesgallent.com\/ca\/salon-perfecto-como-distribuir-los-muebles\/#primaryimage","url":"https:\/\/www.moblesgallent.com\/wp-content\/uploads\/2019\/03\/muebles-para-salon.jpg","contentUrl":"https:\/\/www.moblesgallent.com\/wp-content\/uploads\/2019\/03\/muebles-para-salon.jpg","width":750,"height":469},{"@type":"BreadcrumbList","@id":"https:\/\/www.moblesgallent.com\/ca\/salon-perfecto-como-distribuir-los-muebles\/#breadcrumb","itemListElement":[{"@type":"ListItem","position":1,"name":"Portada","item":"https:\/\/www.moblesgallent.com\/"},{"@type":"ListItem","position":2,"name":"Sal\u00f3n perfecto, como distribuir los muebles"}]},{"@type":"WebSite","@id":"https:\/\/www.moblesgallent.com\/#website","url":"https:\/\/www.moblesgallent.com\/","name":"Mobles Gallent | mobiliario de cocina | mobiliario de ba\u00f1o | mobiliario de sal\u00f3n | armarios | Reformas y dise\u00f1os de interiores en Tarragona","description":"Otro sitio realizado con Soft Optimiza Digital Media Empresas","potentialAction":[{"@type":"SearchAction","target":{"@type":"EntryPoint","urlTemplate":"https:\/\/www.moblesgallent.com\/?s={search_term_string}"},"query-input":{"@type":"PropertyValueSpecification","valueRequired":true,"valueName":"search_term_string"}}],"inLanguage":"ca"},{"@type":"Person","@id":"https:\/\/www.moblesgallent.com\/#\/schema\/person\/8078fb8ab9f00fce98cce795cdae13dd","name":"SoftME","image":{"@type":"ImageObject","inLanguage":"ca","@id":"https:\/\/www.moblesgallent.com\/#\/schema\/person\/image\/","url":"https:\/\/secure.gravatar.com\/avatar\/70050c41d678b2b3e9b2ef8ad47c2fd4562a978dd6c4f3ec09c2816212aa5d15?s=96&d=mm&r=g","contentUrl":"https:\/\/secure.gravatar.com\/avatar\/70050c41d678b2b3e9b2ef8ad47c2fd4562a978dd6c4f3ec09c2816212aa5d15?s=96&d=mm&r=g","caption":"SoftME"},"url":"https:\/\/www.moblesgallent.com\/ca\/author\/softme\/"}]}},"_links":{"self":[{"href":"https:\/\/www.moblesgallent.com\/ca\/wp-json\/wp\/v2\/posts\/693","targetHints":{"allow":["GET"]}}],"collection":[{"href":"https:\/\/www.moblesgallent.com\/ca\/wp-json\/wp\/v2\/posts"}],"about":[{"href":"https:\/\/www.moblesgallent.com\/ca\/wp-json\/wp\/v2\/types\/post"}],"author":[{"embeddable":true,"href":"https:\/\/www.moblesgallent.com\/ca\/wp-json\/wp\/v2\/users\/1"}],"replies":[{"embeddable":true,"href":"https:\/\/www.moblesgallent.com\/ca\/wp-json\/wp\/v2\/comments?post=693"}],"version-history":[{"count":2,"href":"https:\/\/www.moblesgallent.com\/ca\/wp-json\/wp\/v2\/posts\/693\/revisions"}],"predecessor-version":[{"id":696,"href":"https:\/\/www.moblesgallent.com\/ca\/wp-json\/wp\/v2\/posts\/693\/revisions\/696"}],"wp:featuredmedia":[{"embeddable":true,"href":"https:\/\/www.moblesgallent.com\/ca\/wp-json\/wp\/v2\/media\/695"}],"wp:attachment":[{"href":"https:\/\/www.moblesgallent.com\/ca\/wp-json\/wp\/v2\/media?parent=693"}],"wp:term":[{"taxonomy":"category","embeddable":true,"href":"https:\/\/www.moblesgallent.com\/ca\/wp-json\/wp\/v2\/categories?post=693"},{"taxonomy":"post_tag","embeddable":true,"href":"https:\/\/www.moblesgallent.com\/ca\/wp-json\/wp\/v2\/tags?post=693"}],"curies":[{"name":"wp","href":"https:\/\/api.w.org\/{rel}","templated":true}]}}