{"id":423,"date":"2016-03-07T16:51:54","date_gmt":"2016-03-07T16:51:54","guid":{"rendered":"http:\/\/www.moblesgallent.com\/?p=423"},"modified":"2019-07-16T09:51:16","modified_gmt":"2019-07-16T09:51:16","slug":"bieenvenidos-a-nuestro-nueva-web","status":"publish","type":"post","link":"https:\/\/www.moblesgallent.com\/ca\/bieenvenidos-a-nuestro-nueva-web\/","title":{"rendered":"Bienvenidos a nuestra web"},"content":{"rendered":"<p>[et_pb_section admin_label=\u00bbsection\u00bb][et_pb_row admin_label=\u00bbrow\u00bb][et_pb_column type=\u00bb4_4&#8243;][et_pb_text admin_label=\u00bbTexto\u00bb background_layout=\u00bblight\u00bb text_orientation=\u00bbleft\u00bb use_border_color=\u00bboff\u00bb border_color=\u00bb#ffffff\u00bb border_style=\u00bbsolid\u00bb]<\/p>\n<p style=\"text-align: justify;\"><strong>\u00a0En Mobles Gallent<\/strong>, estrenamos nuestra p\u00e1gina web para que les resulte mucho m\u00e1s intuitiva y esclarecedora a todos nuestros clientes y usuarios.<strong> Mobles Gallent se esfuerza d\u00eda tras d\u00edas para permanecer a la vanguardia de los muebles de cocina de dise\u00f1o, ba\u00f1os y mobiliario de sal\u00f3n y armarios, utilizando siempre materiales de primer\u00edsima calidad.<\/strong><\/p>\n<p style=\"text-align: justify;\">\u00a0Esperamos que os resulte c\u00f3moda y de vuestro inter\u00e9s la navegaci\u00f3n por las diferentes apartados que hemos habilitado en relaci\u00f3n con nuestros servicios de cocinas, ba\u00f1os, muebles de sal\u00f3n y armarios.<\/p>\n<p>Ahora tambi\u00e9n podr\u00e9is contactar con nosotros de manera \u00e1gil\u00a0 y gratuita, rellenando el formulario de contacto que hemos incorporado en la secci\u00f3n de contacto de la web. \u00a1Esperamos todos vuestros comentarios!.<\/p>\n<p style=\"text-align: justify;\">Cordialmente,<\/p>\n<p style=\"text-align: justify;\"><strong>Equipo Mobles Gallent<\/strong><\/p>\n<p>[\/et_pb_text][\/et_pb_column][\/et_pb_row][\/et_pb_section]<\/p>","protected":false},"excerpt":{"rendered":"<p>En Mobles Gallent, estrenamos nuestra p\u00e1gina web para que les resulte mucho m\u00e1s intuitiva&#8230;<\/p>","protected":false},"author":1,"featured_media":74,"comment_status":"open","ping_status":"closed","sticky":false,"template":"","format":"standard","meta":{"_et_pb_use_builder":"on","_et_pb_old_content":"","_et_gb_content_width":"","footnotes":""},"categories":[21],"tags":[23],"class_list":["post-423","post","type-post","status-publish","format-standard","has-post-thumbnail","hentry","category-blog-es","tag-muebles-de-cocina-muebles-de-bano-muebles-de-salon-armarios-mobles-gallent-tarragona-es"],"yoast_head":"<!-- This site is optimized with the Yoast SEO plugin v27.1.1 - https:\/\/yoast.com\/product\/yoast-seo-wordpress\/ -->\n<title>Bienvenidos a nuestra web - Mobles Gallent | mobiliario de cocina | mobiliario de ba\u00f1o | mobiliario de sal\u00f3n | armarios | Reformas y dise\u00f1os de interiores en Tarragona<\/title>\n<meta name=\"robots\" content=\"index, follow, max-snippet:-1, max-image-preview:large, max-video-preview:-1\" \/>\n<link rel=\"canonical\" href=\"https:\/\/www.moblesgallent.com\/ca\/bieenvenidos-a-nuestro-nueva-web\/\" \/>\n<meta property=\"og:locale\" content=\"ca_ES\" \/>\n<meta property=\"og:type\" content=\"article\" \/>\n<meta property=\"og:title\" content=\"Bienvenidos a nuestra web - Mobles Gallent | mobiliario de cocina | mobiliario de ba\u00f1o | mobiliario de sal\u00f3n | armarios | Reformas y dise\u00f1os de interiores en Tarragona\" \/>\n<meta property=\"og:description\" content=\"En Mobles Gallent, estrenamos nuestra p\u00e1gina web para que les resulte mucho m\u00e1s intuitiva...\" \/>\n<meta property=\"og:url\" content=\"https:\/\/www.moblesgallent.com\/ca\/bieenvenidos-a-nuestro-nueva-web\/\" \/>\n<meta property=\"og:site_name\" content=\"Mobles Gallent | mobiliario de cocina | mobiliario de ba\u00f1o | mobiliario de sal\u00f3n | armarios | Reformas y dise\u00f1os de interiores en Tarragona\" \/>\n<meta property=\"article:published_time\" content=\"2016-03-07T16:51:54+00:00\" \/>\n<meta property=\"article:modified_time\" content=\"2019-07-16T09:51:16+00:00\" \/>\n<meta property=\"og:image\" content=\"https:\/\/www.moblesgallent.com\/wp-content\/uploads\/2016\/02\/Cocina-en-exposicion-Delta-cocinas-3.jpg\" \/>\n\t<meta property=\"og:image:width\" content=\"1300\" \/>\n\t<meta property=\"og:image:height\" content=\"520\" \/>\n\t<meta property=\"og:image:type\" content=\"image\/jpeg\" \/>\n<meta name=\"author\" content=\"SoftME\" \/>\n<meta name=\"twitter:card\" content=\"summary_large_image\" \/>\n<meta name=\"twitter:label1\" content=\"Escrit per\" \/>\n\t<meta name=\"twitter:data1\" content=\"SoftME\" \/>\n\t<meta name=\"twitter:label2\" content=\"Temps estimat de lectura\" \/>\n\t<meta name=\"twitter:data2\" content=\"1 minut\" \/>\n<script type=\"application\/ld+json\" class=\"yoast-schema-graph\">{\"@context\":\"https:\/\/schema.org\",\"@graph\":[{\"@type\":\"Article\",\"@id\":\"https:\/\/www.moblesgallent.com\/ca\/bieenvenidos-a-nuestro-nueva-web\/#article\",\"isPartOf\":{\"@id\":\"https:\/\/www.moblesgallent.com\/ca\/bieenvenidos-a-nuestro-nueva-web\/\"},\"author\":{\"name\":\"SoftME\",\"@id\":\"https:\/\/www.moblesgallent.com\/#\/schema\/person\/8078fb8ab9f00fce98cce795cdae13dd\"},\"headline\":\"Bienvenidos a nuestra web\",\"datePublished\":\"2016-03-07T16:51:54+00:00\",\"dateModified\":\"2019-07-16T09:51:16+00:00\",\"mainEntityOfPage\":{\"@id\":\"https:\/\/www.moblesgallent.com\/ca\/bieenvenidos-a-nuestro-nueva-web\/\"},\"wordCount\":191,\"commentCount\":0,\"image\":{\"@id\":\"https:\/\/www.moblesgallent.com\/ca\/bieenvenidos-a-nuestro-nueva-web\/#primaryimage\"},\"thumbnailUrl\":\"https:\/\/www.moblesgallent.com\/wp-content\/uploads\/2016\/02\/Cocina-en-exposicion-Delta-cocinas-3.jpg\",\"keywords\":[\"muebles de cocina-muebles de ba\u00f1o-muebles de sal\u00f3n-armarios-mobles -gallent-tarragona\"],\"articleSection\":[\"BLOG\"],\"inLanguage\":\"ca\",\"potentialAction\":[{\"@type\":\"CommentAction\",\"name\":\"Comment\",\"target\":[\"https:\/\/www.moblesgallent.com\/ca\/bieenvenidos-a-nuestro-nueva-web\/#respond\"]}]},{\"@type\":\"WebPage\",\"@id\":\"https:\/\/www.moblesgallent.com\/ca\/bieenvenidos-a-nuestro-nueva-web\/\",\"url\":\"https:\/\/www.moblesgallent.com\/ca\/bieenvenidos-a-nuestro-nueva-web\/\",\"name\":\"Bienvenidos a nuestra web - Mobles Gallent | mobiliario de cocina | mobiliario de ba\u00f1o | mobiliario de sal\u00f3n | armarios | Reformas y dise\u00f1os de interiores en Tarragona\",\"isPartOf\":{\"@id\":\"https:\/\/www.moblesgallent.com\/#website\"},\"primaryImageOfPage\":{\"@id\":\"https:\/\/www.moblesgallent.com\/ca\/bieenvenidos-a-nuestro-nueva-web\/#primaryimage\"},\"image\":{\"@id\":\"https:\/\/www.moblesgallent.com\/ca\/bieenvenidos-a-nuestro-nueva-web\/#primaryimage\"},\"thumbnailUrl\":\"https:\/\/www.moblesgallent.com\/wp-content\/uploads\/2016\/02\/Cocina-en-exposicion-Delta-cocinas-3.jpg\",\"datePublished\":\"2016-03-07T16:51:54+00:00\",\"dateModified\":\"2019-07-16T09:51:16+00:00\",\"author\":{\"@id\":\"https:\/\/www.moblesgallent.com\/#\/schema\/person\/8078fb8ab9f00fce98cce795cdae13dd\"},\"breadcrumb\":{\"@id\":\"https:\/\/www.moblesgallent.com\/ca\/bieenvenidos-a-nuestro-nueva-web\/#breadcrumb\"},\"inLanguage\":\"ca\",\"potentialAction\":[{\"@type\":\"ReadAction\",\"target\":[\"https:\/\/www.moblesgallent.com\/ca\/bieenvenidos-a-nuestro-nueva-web\/\"]}]},{\"@type\":\"ImageObject\",\"inLanguage\":\"ca\",\"@id\":\"https:\/\/www.moblesgallent.com\/ca\/bieenvenidos-a-nuestro-nueva-web\/#primaryimage\",\"url\":\"https:\/\/www.moblesgallent.com\/wp-content\/uploads\/2016\/02\/Cocina-en-exposicion-Delta-cocinas-3.jpg\",\"contentUrl\":\"https:\/\/www.moblesgallent.com\/wp-content\/uploads\/2016\/02\/Cocina-en-exposicion-Delta-cocinas-3.jpg\",\"width\":1300,\"height\":520},{\"@type\":\"BreadcrumbList\",\"@id\":\"https:\/\/www.moblesgallent.com\/ca\/bieenvenidos-a-nuestro-nueva-web\/#breadcrumb\",\"itemListElement\":[{\"@type\":\"ListItem\",\"position\":1,\"name\":\"Portada\",\"item\":\"https:\/\/www.moblesgallent.com\/\"},{\"@type\":\"ListItem\",\"position\":2,\"name\":\"Bienvenidos a nuestra web\"}]},{\"@type\":\"WebSite\",\"@id\":\"https:\/\/www.moblesgallent.com\/#website\",\"url\":\"https:\/\/www.moblesgallent.com\/\",\"name\":\"Mobles Gallent | mobiliario de cocina | mobiliario de ba\u00f1o | mobiliario de sal\u00f3n | armarios | Reformas y dise\u00f1os de interiores en Tarragona\",\"description\":\"Otro sitio realizado con Soft Optimiza Digital Media Empresas\",\"potentialAction\":[{\"@type\":\"SearchAction\",\"target\":{\"@type\":\"EntryPoint\",\"urlTemplate\":\"https:\/\/www.moblesgallent.com\/?s={search_term_string}\"},\"query-input\":{\"@type\":\"PropertyValueSpecification\",\"valueRequired\":true,\"valueName\":\"search_term_string\"}}],\"inLanguage\":\"ca\"},{\"@type\":\"Person\",\"@id\":\"https:\/\/www.moblesgallent.com\/#\/schema\/person\/8078fb8ab9f00fce98cce795cdae13dd\",\"name\":\"SoftME\",\"image\":{\"@type\":\"ImageObject\",\"inLanguage\":\"ca\",\"@id\":\"https:\/\/www.moblesgallent.com\/#\/schema\/person\/image\/\",\"url\":\"https:\/\/secure.gravatar.com\/avatar\/70050c41d678b2b3e9b2ef8ad47c2fd4562a978dd6c4f3ec09c2816212aa5d15?s=96&d=mm&r=g\",\"contentUrl\":\"https:\/\/secure.gravatar.com\/avatar\/70050c41d678b2b3e9b2ef8ad47c2fd4562a978dd6c4f3ec09c2816212aa5d15?s=96&d=mm&r=g\",\"caption\":\"SoftME\"},\"url\":\"https:\/\/www.moblesgallent.com\/ca\/author\/softme\/\"}]}<\/script>\n<!-- \/ Yoast SEO plugin. -->","yoast_head_json":{"title":"Bienvenidos a nuestra web - Mobles Gallent | mobiliario de cocina | mobiliario de ba\u00f1o | mobiliario de sal\u00f3n | armarios | Reformas y dise\u00f1os de interiores en Tarragona","robots":{"index":"index","follow":"follow","max-snippet":"max-snippet:-1","max-image-preview":"max-image-preview:large","max-video-preview":"max-video-preview:-1"},"canonical":"https:\/\/www.moblesgallent.com\/ca\/bieenvenidos-a-nuestro-nueva-web\/","og_locale":"ca_ES","og_type":"article","og_title":"Bienvenidos a nuestra web - Mobles Gallent | mobiliario de cocina | mobiliario de ba\u00f1o | mobiliario de sal\u00f3n | armarios | Reformas y dise\u00f1os de interiores en Tarragona","og_description":"En Mobles Gallent, estrenamos nuestra p\u00e1gina web para que les resulte mucho m\u00e1s intuitiva...","og_url":"https:\/\/www.moblesgallent.com\/ca\/bieenvenidos-a-nuestro-nueva-web\/","og_site_name":"Mobles Gallent | mobiliario de cocina | mobiliario de ba\u00f1o | mobiliario de sal\u00f3n | armarios | Reformas y dise\u00f1os de interiores en Tarragona","article_published_time":"2016-03-07T16:51:54+00:00","article_modified_time":"2019-07-16T09:51:16+00:00","og_image":[{"width":1300,"height":520,"url":"https:\/\/www.moblesgallent.com\/wp-content\/uploads\/2016\/02\/Cocina-en-exposicion-Delta-cocinas-3.jpg","type":"image\/jpeg"}],"author":"SoftME","twitter_card":"summary_large_image","twitter_misc":{"Escrit per":"SoftME","Temps estimat de lectura":"1 minut"},"schema":{"@context":"https:\/\/schema.org","@graph":[{"@type":"Article","@id":"https:\/\/www.moblesgallent.com\/ca\/bieenvenidos-a-nuestro-nueva-web\/#article","isPartOf":{"@id":"https:\/\/www.moblesgallent.com\/ca\/bieenvenidos-a-nuestro-nueva-web\/"},"author":{"name":"SoftME","@id":"https:\/\/www.moblesgallent.com\/#\/schema\/person\/8078fb8ab9f00fce98cce795cdae13dd"},"headline":"Bienvenidos a nuestra web","datePublished":"2016-03-07T16:51:54+00:00","dateModified":"2019-07-16T09:51:16+00:00","mainEntityOfPage":{"@id":"https:\/\/www.moblesgallent.com\/ca\/bieenvenidos-a-nuestro-nueva-web\/"},"wordCount":191,"commentCount":0,"image":{"@id":"https:\/\/www.moblesgallent.com\/ca\/bieenvenidos-a-nuestro-nueva-web\/#primaryimage"},"thumbnailUrl":"https:\/\/www.moblesgallent.com\/wp-content\/uploads\/2016\/02\/Cocina-en-exposicion-Delta-cocinas-3.jpg","keywords":["muebles de cocina-muebles de ba\u00f1o-muebles de sal\u00f3n-armarios-mobles -gallent-tarragona"],"articleSection":["BLOG"],"inLanguage":"ca","potentialAction":[{"@type":"CommentAction","name":"Comment","target":["https:\/\/www.moblesgallent.com\/ca\/bieenvenidos-a-nuestro-nueva-web\/#respond"]}]},{"@type":"WebPage","@id":"https:\/\/www.moblesgallent.com\/ca\/bieenvenidos-a-nuestro-nueva-web\/","url":"https:\/\/www.moblesgallent.com\/ca\/bieenvenidos-a-nuestro-nueva-web\/","name":"Bienvenidos a nuestra web - Mobles Gallent | mobiliario de cocina | mobiliario de ba\u00f1o | mobiliario de sal\u00f3n | armarios | Reformas y dise\u00f1os de interiores en Tarragona","isPartOf":{"@id":"https:\/\/www.moblesgallent.com\/#website"},"primaryImageOfPage":{"@id":"https:\/\/www.moblesgallent.com\/ca\/bieenvenidos-a-nuestro-nueva-web\/#primaryimage"},"image":{"@id":"https:\/\/www.moblesgallent.com\/ca\/bieenvenidos-a-nuestro-nueva-web\/#primaryimage"},"thumbnailUrl":"https:\/\/www.moblesgallent.com\/wp-content\/uploads\/2016\/02\/Cocina-en-exposicion-Delta-cocinas-3.jpg","datePublished":"2016-03-07T16:51:54+00:00","dateModified":"2019-07-16T09:51:16+00:00","author":{"@id":"https:\/\/www.moblesgallent.com\/#\/schema\/person\/8078fb8ab9f00fce98cce795cdae13dd"},"breadcrumb":{"@id":"https:\/\/www.moblesgallent.com\/ca\/bieenvenidos-a-nuestro-nueva-web\/#breadcrumb"},"inLanguage":"ca","potentialAction":[{"@type":"ReadAction","target":["https:\/\/www.moblesgallent.com\/ca\/bieenvenidos-a-nuestro-nueva-web\/"]}]},{"@type":"ImageObject","inLanguage":"ca","@id":"https:\/\/www.moblesgallent.com\/ca\/bieenvenidos-a-nuestro-nueva-web\/#primaryimage","url":"https:\/\/www.moblesgallent.com\/wp-content\/uploads\/2016\/02\/Cocina-en-exposicion-Delta-cocinas-3.jpg","contentUrl":"https:\/\/www.moblesgallent.com\/wp-content\/uploads\/2016\/02\/Cocina-en-exposicion-Delta-cocinas-3.jpg","width":1300,"height":520},{"@type":"BreadcrumbList","@id":"https:\/\/www.moblesgallent.com\/ca\/bieenvenidos-a-nuestro-nueva-web\/#breadcrumb","itemListElement":[{"@type":"ListItem","position":1,"name":"Portada","item":"https:\/\/www.moblesgallent.com\/"},{"@type":"ListItem","position":2,"name":"Bienvenidos a nuestra web"}]},{"@type":"WebSite","@id":"https:\/\/www.moblesgallent.com\/#website","url":"https:\/\/www.moblesgallent.com\/","name":"Mobles Gallent | mobiliario de cocina | mobiliario de ba\u00f1o | mobiliario de sal\u00f3n | armarios | Reformas y dise\u00f1os de interiores en Tarragona","description":"Otro sitio realizado con Soft Optimiza Digital Media Empresas","potentialAction":[{"@type":"SearchAction","target":{"@type":"EntryPoint","urlTemplate":"https:\/\/www.moblesgallent.com\/?s={search_term_string}"},"query-input":{"@type":"PropertyValueSpecification","valueRequired":true,"valueName":"search_term_string"}}],"inLanguage":"ca"},{"@type":"Person","@id":"https:\/\/www.moblesgallent.com\/#\/schema\/person\/8078fb8ab9f00fce98cce795cdae13dd","name":"SoftME","image":{"@type":"ImageObject","inLanguage":"ca","@id":"https:\/\/www.moblesgallent.com\/#\/schema\/person\/image\/","url":"https:\/\/secure.gravatar.com\/avatar\/70050c41d678b2b3e9b2ef8ad47c2fd4562a978dd6c4f3ec09c2816212aa5d15?s=96&d=mm&r=g","contentUrl":"https:\/\/secure.gravatar.com\/avatar\/70050c41d678b2b3e9b2ef8ad47c2fd4562a978dd6c4f3ec09c2816212aa5d15?s=96&d=mm&r=g","caption":"SoftME"},"url":"https:\/\/www.moblesgallent.com\/ca\/author\/softme\/"}]}},"_links":{"self":[{"href":"https:\/\/www.moblesgallent.com\/ca\/wp-json\/wp\/v2\/posts\/423","targetHints":{"allow":["GET"]}}],"collection":[{"href":"https:\/\/www.moblesgallent.com\/ca\/wp-json\/wp\/v2\/posts"}],"about":[{"href":"https:\/\/www.moblesgallent.com\/ca\/wp-json\/wp\/v2\/types\/post"}],"author":[{"embeddable":true,"href":"https:\/\/www.moblesgallent.com\/ca\/wp-json\/wp\/v2\/users\/1"}],"replies":[{"embeddable":true,"href":"https:\/\/www.moblesgallent.com\/ca\/wp-json\/wp\/v2\/comments?post=423"}],"version-history":[{"count":3,"href":"https:\/\/www.moblesgallent.com\/ca\/wp-json\/wp\/v2\/posts\/423\/revisions"}],"predecessor-version":[{"id":426,"href":"https:\/\/www.moblesgallent.com\/ca\/wp-json\/wp\/v2\/posts\/423\/revisions\/426"}],"wp:featuredmedia":[{"embeddable":true,"href":"https:\/\/www.moblesgallent.com\/ca\/wp-json\/wp\/v2\/media\/74"}],"wp:attachment":[{"href":"https:\/\/www.moblesgallent.com\/ca\/wp-json\/wp\/v2\/media?parent=423"}],"wp:term":[{"taxonomy":"category","embeddable":true,"href":"https:\/\/www.moblesgallent.com\/ca\/wp-json\/wp\/v2\/categories?post=423"},{"taxonomy":"post_tag","embeddable":true,"href":"https:\/\/www.moblesgallent.com\/ca\/wp-json\/wp\/v2\/tags?post=423"}],"curies":[{"name":"wp","href":"https:\/\/api.w.org\/{rel}","templated":true}]}}